{"id":58743,"date":"2023-12-12T11:11:17","date_gmt":"2023-12-12T10:11:17","guid":{"rendered":"https:\/\/profesionalagro.com\/noticias\/?p=58743"},"modified":"2023-12-14T12:54:44","modified_gmt":"2023-12-14T11:54:44","slug":"los-premios-lorra-laboral-kutxa-premian-a-9-explotaciones-sobresalientes","status":"publish","type":"post","link":"https:\/\/profesionalagro.com\/noticias\/los-premios-lorra-laboral-kutxa-premian-a-9-explotaciones-sobresalientes.html","title":{"rendered":"Los Premios Lorra Laboral Kutxa premian a 9 explotaciones sobresalientes"},"content":{"rendered":"\n<figure class=\"wp-block-image\"><img loading=\"lazy\" decoding=\"async\" width=\"622\" height=\"310\" src=\"https:\/\/profesionalagro.com\/noticias\/imagenes\/2023\/12\/premios-Laboral-Kutxa.jpg\" alt=\"Los Premios Lorra Laboral Kutxa premian a 9 explotaciones sobresalientes\" class=\"wp-image-58744\" srcset=\"https:\/\/profesionalagro.com\/noticias\/imagenes\/2023\/12\/premios-Laboral-Kutxa.jpg 622w, https:\/\/profesionalagro.com\/noticias\/imagenes\/2023\/12\/premios-Laboral-Kutxa-160x80.jpg 160w, https:\/\/profesionalagro.com\/noticias\/imagenes\/2023\/12\/premios-Laboral-Kutxa-300x150.jpg 300w, https:\/\/profesionalagro.com\/noticias\/imagenes\/2023\/12\/premios-Laboral-Kutxa-454x226.jpg 454w\" sizes=\"(max-width: 622px) 100vw, 622px\" \/><\/figure>\n\n\n\n<p>La s\u00e9ptima edici\u00f3n de los Premios Lorra Laboral\nKutxa ha reunido a buena parte del primer sector de Bizkaia para reconocer las\nmejores pr\u00e1cticas profesionales y celebrar las aportaciones que realiza el\nsector al territorio.<\/p>\n\n\n\n<p>Un a\u00f1o m\u00e1s el encuentro se ha vivido como una la\ncita navide\u00f1a a la que han acudido autoridades, profesionales, as\u00ed como\nrepresentantes del movimiento asociativo vinculado a Lorra -m\u00e1s de 4.000\nproductores agroalimentarios-. Han asistido el Director de Agricultura y\nGanader\u00eda del Gobierno Vasco, Jorge Garbisu; la Diputada Foral y el director\ndel Departamento de Medio Natural y Agricultura, Arantza Atutxa y Andoni\nAgirrebeitia, respectivamente. Los han acompa\u00f1ado Jes\u00fas L\u00f3pez de Foronda y\nAlberto D\u00edaz de Guere\u00f1u, responsables de la secci\u00f3n Agro de Euskadi y de\nBizkaia de Laboral Kutxa, respectivamente, as\u00ed como el presidente de Lorra,\nJuan Luis Irazola.<\/p>\n\n\n\n<p>El evento ha tenido como hilo conductor el\nreconocimiento a todas las explotaciones agr\u00edcolas y ganaderas de Bizkaia que\nconforman el primer sector. Un reconocimiento m\u00e1s necesario \u201c<em>en tiempos tan\nconvulsos<\/em>\u201d, seg\u00fan las palabras del presidente de Lorra, \u201c<em>cuando muchas\nexplotaciones se encuentran en serio peligro, ya no s\u00f3lo por la falta de\nrentabilidad y valoraci\u00f3n econ\u00f3mica de sus productos, sino porque tambi\u00e9n est\u00e1\nen riesgo el relevo generacional<\/em>\u201d. En este sentido, se ha destacado la\nlabor que desarrolla el agro, \u201c<em>aunque no sumemos mucho porcentaje en el\nProducto Interior Bruto de Bizkaia, gestionamos gran parte de nuestro\nterritorio y somos la cuna de nuestra historia y nuestras tradiciones<\/em>\u201d.<\/p>\n\n\n\n<h2 class=\"wp-block-heading\">Entrega de premios<\/h2>\n\n\n\n<p>En este marco se ha desarrollado la entrega de\nlos premios. Se ha resaltado <strong>el alto nivel de todas las 13 explotaciones\nnominadas este a\u00f1o<\/strong>, que el jurado de especialistas ha visitado y analizado\ndesde un punto de vista integral, abarcando todas las dimensiones: econ\u00f3mica,\nproductiva, t\u00e9cnica, medioambiental, etc. <\/p>\n\n\n\n<p>Este\nestudio exhaustivo avala el car\u00e1cter profesional y t\u00e9cnico de los premios, as\u00ed\ncomo la excelencia de todas las explotaciones premiadas y presentadas. Todas\nellas <strong>destacan por criterios econ\u00f3micos, productivos y medioambientales, y\npor sus m\u00e9todos de producci\u00f3n orientados a una gesti\u00f3n sostenible de los\nrecursos<\/strong>.<\/p>\n\n\n\n<p>Se\nhan entregado premios en cinco categor\u00edas que abarcan todas las realidades del\nsector. <\/p>\n\n\n\n<ul class=\"wp-block-list\"><li>Un primer premio y dos\nfinalistas en la categor\u00eda de actividad agr\u00edcola<\/li><li>Un primer premio y dos\nfinalistas en la categor\u00eda de actividad ganadera <\/li><li>Premio Gaztenek, a un\nproyecto joven y emprendedor, de\n0 a 5 a\u00f1os de actividad.<\/li><li>Premio Ekinaren Ekinez a la\ntrayectoria profesional de una mujer <\/li><li>Premio Landaren Alde a una\nentidad por su impulso al sector<\/li><\/ul>\n\n\n\n<h2 class=\"wp-block-heading\">Secci\u00f3n Agricultura<\/h2>\n\n\n\n<p>En la Secci\u00f3n 1\u00aa de Agricultura, <strong>el Premio a la Mejor\nExplotaci\u00f3n Agr\u00edcola de Bizkaia 2023<\/strong> ha sido para la explotaci\u00f3n de <strong>Iker\nVillasana, Biortzatxu Baserria<\/strong>. Es una explotaci\u00f3n familiar fundada en el a\u00f1o\n2011 y ubicada en Arrieta y Fruiz. Su se\u00f1a de\nidentidad es la\nproducci\u00f3n ecol\u00f3gica de micro vegetales, brotes o germinados, etc. que\ncomercializa directamente y tambi\u00e9n destina a los mejores restaurantes, sumando\nentre sus clientes 18 estrellas Michelin.<\/p>\n\n\n\n<p>Ha sido finalistas de esta secci\u00f3n la explotaci\u00f3n de <strong>Ra\u00fal Rosas y\nRosmary Paredes<\/strong>. Despu\u00e9s de cinco a\u00f1os como trabajador del agro, Ra\u00fal, dio el salto a\nmontar su propia explotaci\u00f3n familiar hort\u00edcola en Arrankudiaga, donde trabaja\ncon su mujer Rosmary, ampliando este a\u00f1o su producci\u00f3n.<\/p>\n\n\n\n<p>Tambi\u00e9n ha sido finalista de esta secci\u00f3n la explotaci\u00f3n de <strong>Xabier\ne Igor Pujana<\/strong>, que son productores de tomate Jack en Bermeo. Sin ra\u00edces en el sector, se\niniciaron en la actividad hace seis a\u00f1os adentr\u00e1ndose en un nuevo proyecto de\nvida y superaron todas las dificultades, hasta llegar a ampliar la explotaci\u00f3n\nhace tres a\u00f1os.<\/p>\n\n\n\n<h2 class=\"wp-block-heading\">Secci\u00f3n ganader\u00eda<\/h2>\n\n\n\n<p>En la Secci\u00f3n 2\u00aa, de Ganader\u00eda, <strong>el\nPremio a la Mejor Explotaci\u00f3n Ganadera de Bizkaia 2023<\/strong> ha sido para <strong>Joseba\nRekalde.<\/strong> Su explotaci\u00f3n de Zeanuri est\u00e1 dedicada principalmente a vacuno de\ncarne, que se vende en la carnicer\u00eda de la familia ubicada en Igorre. Destaca\npor la dedicaci\u00f3n familiar a lo largo de todo el circuito en la producci\u00f3n y\nventa de carne de vacuno, con un gran esmero y cuidado en el manejo del ganado.\n<\/p>\n\n\n\n<p>Ha sido finalistas de esta secci\u00f3n la explotaci\u00f3n\nde <strong>Aitor Urien <\/strong>en Abadi\u00f1o, dedicada a ovino de leche y elaboraci\u00f3n de\nqueso. Inici\u00f3 su actividad profesional hace 10 a\u00f1os, cuando decidi\u00f3 continuar\nla tradici\u00f3n familiar con el reba\u00f1o de ovino, y empez\u00f3 a elaborar queso en casa\ncon la instalaci\u00f3n de una queser\u00eda. <\/p>\n\n\n\n<p>Tambi\u00e9n ha sido finalistas de esta secci\u00f3n la\nexplotaci\u00f3n de<strong> Ainhoa Alava<\/strong>, al frente de <strong>Oilobide, <\/strong>iniciada en\n2012 y ubicada en Ordu\u00f1a. Es una granja ecol\u00f3gica de gallinas dedicada a la\nproducci\u00f3n de huevos, caldo de gallina y hamburguesas, todo ecol\u00f3gico, que\ncomercializa directamente y online. Se caracteriza por su compromiso hacia un\nproducto sostenible y de calidad.<\/p>\n\n\n\n<h2 class=\"wp-block-heading\"><strong>Secci\u00f3n aprendizaje<\/strong><\/h2>\n\n\n\n<p>La Secci\u00f3n 3\u00aa de Emprendizaje impulsa el relevo\ngeneracional en el sector. El <strong>Premio J\u00f3venes Emprendedores\/as- Gaztenek\nBizkaia 2023<\/strong> ha sido para <strong>Haizea Aretxabaleta, de la bodega Magalarte. <\/strong>Haizea\nAretxabaleta se incorpor\u00f3 en 2018 a la bodega familiar en Zamudio junto a su hermano\nLander. Ambos conforman la sexta generaci\u00f3n de la familia dedicada al cultivo\nde la vi\u00f1a y la elaboraci\u00f3n de txakoli. <\/p>\n\n\n\n<p>Tambi\u00e9n se ha premiado como finalista a <strong>M\u00aa\nIsabel Fern\u00e1ndez, <\/strong>de<strong> la granja \u201cEl Arroyo Holstein\u201d<\/strong>. Es una\nexplotaci\u00f3n de vacuno lechero ubicada en Karrantza.Se instal\u00f3 en 2019,\njunto a su marido I\u00f1igo Palacio, que previamente se hab\u00eda instalado en el a\u00f1o\n2013, partiendo desde cero, remodelando y ampliando una granja que estaba en\ndesuso.<\/p>\n\n\n\n<h2 class=\"wp-block-heading\"><strong>Premios honor\u00edficos<\/strong><\/h2>\n\n\n\n<p>La Secci\u00f3n 4\u00aa es el Premio honor\u00edfico <strong>Ekinaren\nEkinez 2023<\/strong> a la Trayectoria Profesional de una agricultora\/ganadera, que ha\nreca\u00eddo en <strong>M\u00aa Bego\u00f1a Lumbreras<\/strong>, de la explotaci\u00f3n <strong>Momoitio Baserria<\/strong>\nde Berango. M\u00ba Bego\u00f1a era una persona de asfalto sin conexi\u00f3n en el sector,\nexcepto el caser\u00edo de su marido, Jos\u00e9 Miguel. Por circunstancias de la vida\ntuvo que dejarlo todo, as\u00ed que la pareja decidi\u00f3 poner una peque\u00f1a huerta en\nBerango, que poco a poco ir\u00eda creciendo. Tras un recorrido de 35 a\u00f1os, ahora su\ngran recompensa, es ir a vender los s\u00e1bados a los tinglados del Arenal y ver\nque sus clientes valoran su producto y; sobre todo, la familia que ha estado\nsiempre apoy\u00e1ndola.<\/p>\n\n\n\n<p>Por \u00faltimo,\nla Secci\u00f3n 5\u00aa es el Premio honor\u00edfico <strong>Landaren Alde 2023<\/strong> para\norganizaci\u00f3n, persona f\u00edsica o jur\u00eddica por su contribuci\u00f3n al primer\nsector de Bizkaia, ha sido para <strong>el Centro de Inseminaci\u00f3n Artificial\nAberekin<\/strong>. Esta entidad fue creada en\n1985 por ganaderos y al servicio de los ganaderos. Sus oficinas centrales se\nencuentran en el Parque Tecnol\u00f3gico de Zamudio y dispone de dos unidades de\nproducci\u00f3n en Derio y en Torrelavega con capacidad para 300 sementales. 50\npa\u00edses de los cinco continentes utilizan diariamente gen\u00e9tica de esta entidad.<\/p>\n","protected":false},"excerpt":{"rendered":"<p>La s\u00e9ptima edici\u00f3n de los Premios Lorra Laboral Kutxa ha reunido a buena parte del primer sector de Bizkaia para reconocer las mejores pr\u00e1cticas profesionales y celebrar las aportaciones que realiza el sector al territorio. Un a\u00f1o m\u00e1s el encuentro se ha vivido como una la cita navide\u00f1a a la que han acudido autoridades, profesionales, [&hellip;]<\/p>\n","protected":false},"author":9,"featured_media":58744,"comment_status":"closed","ping_status":"open","sticky":false,"template":"","format":"standard","meta":{"footnotes":""},"categories":[21,23,33,35],"tags":[3843],"class_list":["post-58743","post","type-post","status-publish","format-standard","has-post-thumbnail","hentry","category-ferias-y-eventos","category-ferias-y-eventos2","category-portada","category-portada2","tag-laboral-kutxa-lorra"],"yoast_head":"<!-- This site is optimized with the Yoast SEO plugin v23.8 - https:\/\/yoast.com\/wordpress\/plugins\/seo\/ -->\n<title>Los Premios Lorra Laboral Kutxa premian a 9 explotaciones sobresalientes<\/title>\n<meta name=\"description\" content=\"La VII edici\u00f3n de los Premios Lorra Laboral Kutxa premian a 9 explotaciones sobresalientes y reconocen la labor de todo el agro vizca\u00edno\" \/>\n<meta name=\"robots\" content=\"index, follow, max-snippet:-1, max-image-preview:large, max-video-preview:-1\" \/>\n<link rel=\"canonical\" href=\"https:\/\/profesionalagro.com\/noticias\/los-premios-lorra-laboral-kutxa-premian-a-9-explotaciones-sobresalientes.html\" \/>\n<meta property=\"og:locale\" content=\"es_ES\" \/>\n<meta property=\"og:type\" content=\"article\" \/>\n<meta property=\"og:title\" content=\"Los Premios Lorra Laboral Kutxa premian a 9 explotaciones sobresalientes\" \/>\n<meta property=\"og:description\" content=\"La VII edici\u00f3n de los Premios Lorra Laboral Kutxa premian a 9 explotaciones sobresalientes y reconocen la labor de todo el agro vizca\u00edno\" \/>\n<meta property=\"og:url\" content=\"https:\/\/profesionalagro.com\/noticias\/los-premios-lorra-laboral-kutxa-premian-a-9-explotaciones-sobresalientes.html\" \/>\n<meta property=\"og:site_name\" content=\"Profesional AGRO | Agricultura y t\u00e9cnicas agrarias.\" \/>\n<meta property=\"article:publisher\" content=\"https:\/\/www.facebook.com\/profesionalAGRO\" \/>\n<meta property=\"article:published_time\" content=\"2023-12-12T10:11:17+00:00\" \/>\n<meta property=\"article:modified_time\" content=\"2023-12-14T11:54:44+00:00\" \/>\n<meta property=\"og:image\" content=\"https:\/\/profesionalagro.com\/noticias\/imagenes\/2023\/12\/premios-Laboral-Kutxa.jpg\" \/>\n\t<meta property=\"og:image:width\" content=\"622\" \/>\n\t<meta property=\"og:image:height\" content=\"310\" \/>\n\t<meta property=\"og:image:type\" content=\"image\/jpeg\" \/>\n<meta name=\"author\" content=\"Profesional AGRO\" \/>\n<meta name=\"twitter:card\" content=\"summary_large_image\" \/>\n<meta name=\"twitter:creator\" content=\"@profesionalAGRO\" \/>\n<meta name=\"twitter:site\" content=\"@profesionalAGRO\" \/>\n<meta name=\"twitter:label1\" content=\"Escrito por\" \/>\n\t<meta name=\"twitter:data1\" content=\"Profesional AGRO\" \/>\n\t<meta name=\"twitter:label2\" content=\"Tiempo de lectura\" \/>\n\t<meta name=\"twitter:data2\" content=\"6 minutos\" \/>\n<script type=\"application\/ld+json\" class=\"yoast-schema-graph\">{\"@context\":\"https:\/\/schema.org\",\"@graph\":[{\"@type\":\"Article\",\"@id\":\"https:\/\/profesionalagro.com\/noticias\/los-premios-lorra-laboral-kutxa-premian-a-9-explotaciones-sobresalientes.html#article\",\"isPartOf\":{\"@id\":\"https:\/\/profesionalagro.com\/noticias\/los-premios-lorra-laboral-kutxa-premian-a-9-explotaciones-sobresalientes.html\"},\"author\":{\"name\":\"Profesional AGRO\",\"@id\":\"https:\/\/profesionalagro.com\/noticias\/#\/schema\/person\/3e4e555f38adccc774a8a808de27b201\"},\"headline\":\"Los Premios Lorra Laboral Kutxa premian a 9 explotaciones sobresalientes\",\"datePublished\":\"2023-12-12T10:11:17+00:00\",\"dateModified\":\"2023-12-14T11:54:44+00:00\",\"mainEntityOfPage\":{\"@id\":\"https:\/\/profesionalagro.com\/noticias\/los-premios-lorra-laboral-kutxa-premian-a-9-explotaciones-sobresalientes.html\"},\"wordCount\":1225,\"publisher\":{\"@id\":\"https:\/\/profesionalagro.com\/noticias\/#organization\"},\"image\":{\"@id\":\"https:\/\/profesionalagro.com\/noticias\/los-premios-lorra-laboral-kutxa-premian-a-9-explotaciones-sobresalientes.html#primaryimage\"},\"thumbnailUrl\":\"https:\/\/profesionalagro.com\/noticias\/imagenes\/2023\/12\/premios-Laboral-Kutxa.jpg\",\"keywords\":[\"Laboral Kutxa - Lorra\"],\"articleSection\":[\"Ferias y Eventos\",\"Ferias y Eventos2\",\"Portada\",\"Portada2\"],\"inLanguage\":\"es\"},{\"@type\":\"WebPage\",\"@id\":\"https:\/\/profesionalagro.com\/noticias\/los-premios-lorra-laboral-kutxa-premian-a-9-explotaciones-sobresalientes.html\",\"url\":\"https:\/\/profesionalagro.com\/noticias\/los-premios-lorra-laboral-kutxa-premian-a-9-explotaciones-sobresalientes.html\",\"name\":\"Los Premios Lorra Laboral Kutxa premian a 9 explotaciones sobresalientes\",\"isPartOf\":{\"@id\":\"https:\/\/profesionalagro.com\/noticias\/#website\"},\"primaryImageOfPage\":{\"@id\":\"https:\/\/profesionalagro.com\/noticias\/los-premios-lorra-laboral-kutxa-premian-a-9-explotaciones-sobresalientes.html#primaryimage\"},\"image\":{\"@id\":\"https:\/\/profesionalagro.com\/noticias\/los-premios-lorra-laboral-kutxa-premian-a-9-explotaciones-sobresalientes.html#primaryimage\"},\"thumbnailUrl\":\"https:\/\/profesionalagro.com\/noticias\/imagenes\/2023\/12\/premios-Laboral-Kutxa.jpg\",\"datePublished\":\"2023-12-12T10:11:17+00:00\",\"dateModified\":\"2023-12-14T11:54:44+00:00\",\"description\":\"La VII edici\u00f3n de los Premios Lorra Laboral Kutxa premian a 9 explotaciones sobresalientes y reconocen la labor de todo el agro vizca\u00edno\",\"breadcrumb\":{\"@id\":\"https:\/\/profesionalagro.com\/noticias\/los-premios-lorra-laboral-kutxa-premian-a-9-explotaciones-sobresalientes.html#breadcrumb\"},\"inLanguage\":\"es\",\"potentialAction\":[{\"@type\":\"ReadAction\",\"target\":[\"https:\/\/profesionalagro.com\/noticias\/los-premios-lorra-laboral-kutxa-premian-a-9-explotaciones-sobresalientes.html\"]}]},{\"@type\":\"ImageObject\",\"inLanguage\":\"es\",\"@id\":\"https:\/\/profesionalagro.com\/noticias\/los-premios-lorra-laboral-kutxa-premian-a-9-explotaciones-sobresalientes.html#primaryimage\",\"url\":\"https:\/\/profesionalagro.com\/noticias\/imagenes\/2023\/12\/premios-Laboral-Kutxa.jpg\",\"contentUrl\":\"https:\/\/profesionalagro.com\/noticias\/imagenes\/2023\/12\/premios-Laboral-Kutxa.jpg\",\"width\":622,\"height\":310},{\"@type\":\"BreadcrumbList\",\"@id\":\"https:\/\/profesionalagro.com\/noticias\/los-premios-lorra-laboral-kutxa-premian-a-9-explotaciones-sobresalientes.html#breadcrumb\",\"itemListElement\":[{\"@type\":\"ListItem\",\"position\":1,\"name\":\"Portada\",\"item\":\"https:\/\/profesionalagro.com\/noticias\"},{\"@type\":\"ListItem\",\"position\":2,\"name\":\"Los Premios Lorra Laboral Kutxa premian a 9 explotaciones sobresalientes\"}]},{\"@type\":\"WebSite\",\"@id\":\"https:\/\/profesionalagro.com\/noticias\/#website\",\"url\":\"https:\/\/profesionalagro.com\/noticias\/\",\"name\":\"Profesional AGRO | Agricultura y t\u00e9cnicas agrarias.\",\"description\":\"Profesional AGRO, toda la actualidad del sector de la agricultura y t\u00e9cnicas agrarias. Tractores, Cosechadoras, Sembradoras, aperos, remolques...\",\"publisher\":{\"@id\":\"https:\/\/profesionalagro.com\/noticias\/#organization\"},\"potentialAction\":[{\"@type\":\"SearchAction\",\"target\":{\"@type\":\"EntryPoint\",\"urlTemplate\":\"https:\/\/profesionalagro.com\/noticias\/?s={search_term_string}\"},\"query-input\":{\"@type\":\"PropertyValueSpecification\",\"valueRequired\":true,\"valueName\":\"search_term_string\"}}],\"inLanguage\":\"es\"},{\"@type\":\"Organization\",\"@id\":\"https:\/\/profesionalagro.com\/noticias\/#organization\",\"name\":\"Profesional AGRO\",\"url\":\"https:\/\/profesionalagro.com\/noticias\/\",\"logo\":{\"@type\":\"ImageObject\",\"inLanguage\":\"es\",\"@id\":\"https:\/\/profesionalagro.com\/noticias\/#\/schema\/logo\/image\/\",\"url\":\"https:\/\/profesionalagro.com\/noticias\/imagenes\/2019\/02\/AGRO-LOGO.png\",\"contentUrl\":\"https:\/\/profesionalagro.com\/noticias\/imagenes\/2019\/02\/AGRO-LOGO.png\",\"width\":500,\"height\":307,\"caption\":\"Profesional AGRO\"},\"image\":{\"@id\":\"https:\/\/profesionalagro.com\/noticias\/#\/schema\/logo\/image\/\"},\"sameAs\":[\"https:\/\/www.facebook.com\/profesionalAGRO\",\"https:\/\/x.com\/profesionalAGRO\"]},{\"@type\":\"Person\",\"@id\":\"https:\/\/profesionalagro.com\/noticias\/#\/schema\/person\/3e4e555f38adccc774a8a808de27b201\",\"name\":\"Profesional AGRO\",\"image\":{\"@type\":\"ImageObject\",\"inLanguage\":\"es\",\"@id\":\"https:\/\/profesionalagro.com\/noticias\/#\/schema\/person\/image\/\",\"url\":\"https:\/\/secure.gravatar.com\/avatar\/accc7a2b2e4bfb6cee685b8ec992891f?s=96&d=mm&r=g\",\"contentUrl\":\"https:\/\/secure.gravatar.com\/avatar\/accc7a2b2e4bfb6cee685b8ec992891f?s=96&d=mm&r=g\",\"caption\":\"Profesional AGRO\"}}]}<\/script>\n<!-- \/ Yoast SEO plugin. -->","yoast_head_json":{"title":"Los Premios Lorra Laboral Kutxa premian a 9 explotaciones sobresalientes","description":"La VII edici\u00f3n de los Premios Lorra Laboral Kutxa premian a 9 explotaciones sobresalientes y reconocen la labor de todo el agro vizca\u00edno","robots":{"index":"index","follow":"follow","max-snippet":"max-snippet:-1","max-image-preview":"max-image-preview:large","max-video-preview":"max-video-preview:-1"},"canonical":"https:\/\/profesionalagro.com\/noticias\/los-premios-lorra-laboral-kutxa-premian-a-9-explotaciones-sobresalientes.html","og_locale":"es_ES","og_type":"article","og_title":"Los Premios Lorra Laboral Kutxa premian a 9 explotaciones sobresalientes","og_description":"La VII edici\u00f3n de los Premios Lorra Laboral Kutxa premian a 9 explotaciones sobresalientes y reconocen la labor de todo el agro vizca\u00edno","og_url":"https:\/\/profesionalagro.com\/noticias\/los-premios-lorra-laboral-kutxa-premian-a-9-explotaciones-sobresalientes.html","og_site_name":"Profesional AGRO | Agricultura y t\u00e9cnicas agrarias.","article_publisher":"https:\/\/www.facebook.com\/profesionalAGRO","article_published_time":"2023-12-12T10:11:17+00:00","article_modified_time":"2023-12-14T11:54:44+00:00","og_image":[{"width":622,"height":310,"url":"https:\/\/profesionalagro.com\/noticias\/imagenes\/2023\/12\/premios-Laboral-Kutxa.jpg","type":"image\/jpeg"}],"author":"Profesional AGRO","twitter_card":"summary_large_image","twitter_creator":"@profesionalAGRO","twitter_site":"@profesionalAGRO","twitter_misc":{"Escrito por":"Profesional AGRO","Tiempo de lectura":"6 minutos"},"schema":{"@context":"https:\/\/schema.org","@graph":[{"@type":"Article","@id":"https:\/\/profesionalagro.com\/noticias\/los-premios-lorra-laboral-kutxa-premian-a-9-explotaciones-sobresalientes.html#article","isPartOf":{"@id":"https:\/\/profesionalagro.com\/noticias\/los-premios-lorra-laboral-kutxa-premian-a-9-explotaciones-sobresalientes.html"},"author":{"name":"Profesional AGRO","@id":"https:\/\/profesionalagro.com\/noticias\/#\/schema\/person\/3e4e555f38adccc774a8a808de27b201"},"headline":"Los Premios Lorra Laboral Kutxa premian a 9 explotaciones sobresalientes","datePublished":"2023-12-12T10:11:17+00:00","dateModified":"2023-12-14T11:54:44+00:00","mainEntityOfPage":{"@id":"https:\/\/profesionalagro.com\/noticias\/los-premios-lorra-laboral-kutxa-premian-a-9-explotaciones-sobresalientes.html"},"wordCount":1225,"publisher":{"@id":"https:\/\/profesionalagro.com\/noticias\/#organization"},"image":{"@id":"https:\/\/profesionalagro.com\/noticias\/los-premios-lorra-laboral-kutxa-premian-a-9-explotaciones-sobresalientes.html#primaryimage"},"thumbnailUrl":"https:\/\/profesionalagro.com\/noticias\/imagenes\/2023\/12\/premios-Laboral-Kutxa.jpg","keywords":["Laboral Kutxa - Lorra"],"articleSection":["Ferias y Eventos","Ferias y Eventos2","Portada","Portada2"],"inLanguage":"es"},{"@type":"WebPage","@id":"https:\/\/profesionalagro.com\/noticias\/los-premios-lorra-laboral-kutxa-premian-a-9-explotaciones-sobresalientes.html","url":"https:\/\/profesionalagro.com\/noticias\/los-premios-lorra-laboral-kutxa-premian-a-9-explotaciones-sobresalientes.html","name":"Los Premios Lorra Laboral Kutxa premian a 9 explotaciones sobresalientes","isPartOf":{"@id":"https:\/\/profesionalagro.com\/noticias\/#website"},"primaryImageOfPage":{"@id":"https:\/\/profesionalagro.com\/noticias\/los-premios-lorra-laboral-kutxa-premian-a-9-explotaciones-sobresalientes.html#primaryimage"},"image":{"@id":"https:\/\/profesionalagro.com\/noticias\/los-premios-lorra-laboral-kutxa-premian-a-9-explotaciones-sobresalientes.html#primaryimage"},"thumbnailUrl":"https:\/\/profesionalagro.com\/noticias\/imagenes\/2023\/12\/premios-Laboral-Kutxa.jpg","datePublished":"2023-12-12T10:11:17+00:00","dateModified":"2023-12-14T11:54:44+00:00","description":"La VII edici\u00f3n de los Premios Lorra Laboral Kutxa premian a 9 explotaciones sobresalientes y reconocen la labor de todo el agro vizca\u00edno","breadcrumb":{"@id":"https:\/\/profesionalagro.com\/noticias\/los-premios-lorra-laboral-kutxa-premian-a-9-explotaciones-sobresalientes.html#breadcrumb"},"inLanguage":"es","potentialAction":[{"@type":"ReadAction","target":["https:\/\/profesionalagro.com\/noticias\/los-premios-lorra-laboral-kutxa-premian-a-9-explotaciones-sobresalientes.html"]}]},{"@type":"ImageObject","inLanguage":"es","@id":"https:\/\/profesionalagro.com\/noticias\/los-premios-lorra-laboral-kutxa-premian-a-9-explotaciones-sobresalientes.html#primaryimage","url":"https:\/\/profesionalagro.com\/noticias\/imagenes\/2023\/12\/premios-Laboral-Kutxa.jpg","contentUrl":"https:\/\/profesionalagro.com\/noticias\/imagenes\/2023\/12\/premios-Laboral-Kutxa.jpg","width":622,"height":310},{"@type":"BreadcrumbList","@id":"https:\/\/profesionalagro.com\/noticias\/los-premios-lorra-laboral-kutxa-premian-a-9-explotaciones-sobresalientes.html#breadcrumb","itemListElement":[{"@type":"ListItem","position":1,"name":"Portada","item":"https:\/\/profesionalagro.com\/noticias"},{"@type":"ListItem","position":2,"name":"Los Premios Lorra Laboral Kutxa premian a 9 explotaciones sobresalientes"}]},{"@type":"WebSite","@id":"https:\/\/profesionalagro.com\/noticias\/#website","url":"https:\/\/profesionalagro.com\/noticias\/","name":"Profesional AGRO | Agricultura y t\u00e9cnicas agrarias.","description":"Profesional AGRO, toda la actualidad del sector de la agricultura y t\u00e9cnicas agrarias. Tractores, Cosechadoras, Sembradoras, aperos, remolques...","publisher":{"@id":"https:\/\/profesionalagro.com\/noticias\/#organization"},"potentialAction":[{"@type":"SearchAction","target":{"@type":"EntryPoint","urlTemplate":"https:\/\/profesionalagro.com\/noticias\/?s={search_term_string}"},"query-input":{"@type":"PropertyValueSpecification","valueRequired":true,"valueName":"search_term_string"}}],"inLanguage":"es"},{"@type":"Organization","@id":"https:\/\/profesionalagro.com\/noticias\/#organization","name":"Profesional AGRO","url":"https:\/\/profesionalagro.com\/noticias\/","logo":{"@type":"ImageObject","inLanguage":"es","@id":"https:\/\/profesionalagro.com\/noticias\/#\/schema\/logo\/image\/","url":"https:\/\/profesionalagro.com\/noticias\/imagenes\/2019\/02\/AGRO-LOGO.png","contentUrl":"https:\/\/profesionalagro.com\/noticias\/imagenes\/2019\/02\/AGRO-LOGO.png","width":500,"height":307,"caption":"Profesional AGRO"},"image":{"@id":"https:\/\/profesionalagro.com\/noticias\/#\/schema\/logo\/image\/"},"sameAs":["https:\/\/www.facebook.com\/profesionalAGRO","https:\/\/x.com\/profesionalAGRO"]},{"@type":"Person","@id":"https:\/\/profesionalagro.com\/noticias\/#\/schema\/person\/3e4e555f38adccc774a8a808de27b201","name":"Profesional AGRO","image":{"@type":"ImageObject","inLanguage":"es","@id":"https:\/\/profesionalagro.com\/noticias\/#\/schema\/person\/image\/","url":"https:\/\/secure.gravatar.com\/avatar\/accc7a2b2e4bfb6cee685b8ec992891f?s=96&d=mm&r=g","contentUrl":"https:\/\/secure.gravatar.com\/avatar\/accc7a2b2e4bfb6cee685b8ec992891f?s=96&d=mm&r=g","caption":"Profesional AGRO"}}]}},"_links":{"self":[{"href":"https:\/\/profesionalagro.com\/noticias\/wp-json\/wp\/v2\/posts\/58743"}],"collection":[{"href":"https:\/\/profesionalagro.com\/noticias\/wp-json\/wp\/v2\/posts"}],"about":[{"href":"https:\/\/profesionalagro.com\/noticias\/wp-json\/wp\/v2\/types\/post"}],"author":[{"embeddable":true,"href":"https:\/\/profesionalagro.com\/noticias\/wp-json\/wp\/v2\/users\/9"}],"replies":[{"embeddable":true,"href":"https:\/\/profesionalagro.com\/noticias\/wp-json\/wp\/v2\/comments?post=58743"}],"version-history":[{"count":1,"href":"https:\/\/profesionalagro.com\/noticias\/wp-json\/wp\/v2\/posts\/58743\/revisions"}],"predecessor-version":[{"id":58746,"href":"https:\/\/profesionalagro.com\/noticias\/wp-json\/wp\/v2\/posts\/58743\/revisions\/58746"}],"wp:featuredmedia":[{"embeddable":true,"href":"https:\/\/profesionalagro.com\/noticias\/wp-json\/wp\/v2\/media\/58744"}],"wp:attachment":[{"href":"https:\/\/profesionalagro.com\/noticias\/wp-json\/wp\/v2\/media?parent=58743"}],"wp:term":[{"taxonomy":"category","embeddable":true,"href":"https:\/\/profesionalagro.com\/noticias\/wp-json\/wp\/v2\/categories?post=58743"},{"taxonomy":"post_tag","embeddable":true,"href":"https:\/\/profesionalagro.com\/noticias\/wp-json\/wp\/v2\/tags?post=58743"}],"curies":[{"name":"wp","href":"https:\/\/api.w.org\/{rel}","templated":true}]}}