{"id":49921,"date":"2022-05-04T13:00:56","date_gmt":"2022-05-04T12:00:56","guid":{"rendered":"https:\/\/profesionalagro.com\/noticias\/?p=49921"},"modified":"2022-05-05T10:51:45","modified_gmt":"2022-05-05T09:51:45","slug":"case-ih-presenta-la-nueva-rotoempacadora-de-camara-fija-rb-344","status":"publish","type":"post","link":"https:\/\/profesionalagro.com\/noticias\/case-ih-presenta-la-nueva-rotoempacadora-de-camara-fija-rb-344.html","title":{"rendered":"Case IH presenta la nueva rotoempacadora de c\u00e1mara fija RB 344"},"content":{"rendered":"\n<figure class=\"wp-block-image\"><img loading=\"lazy\" decoding=\"async\" width=\"622\" height=\"310\" src=\"https:\/\/profesionalagro.com\/noticias\/imagenes\/2022\/05\/CASE-IH_RB_344_WEB-1.jpg\" alt=\"Case IH presenta la nueva rotoempacadora de c\u00e1mara fija RB 344\" class=\"wp-image-49923\" srcset=\"https:\/\/profesionalagro.com\/noticias\/imagenes\/2022\/05\/CASE-IH_RB_344_WEB-1.jpg 622w, https:\/\/profesionalagro.com\/noticias\/imagenes\/2022\/05\/CASE-IH_RB_344_WEB-1-160x80.jpg 160w, https:\/\/profesionalagro.com\/noticias\/imagenes\/2022\/05\/CASE-IH_RB_344_WEB-1-300x150.jpg 300w, https:\/\/profesionalagro.com\/noticias\/imagenes\/2022\/05\/CASE-IH_RB_344_WEB-1-454x226.jpg 454w\" sizes=\"(max-width: 622px) 100vw, 622px\" \/><\/figure>\n\n\n\n<p>La nueva rotoempacadora de c\u00e1mara fija RB 344 de <a rel=\"noreferrer noopener\" aria-label=\"Case IH  (abre en una nueva pesta\u00f1a)\" href=\"https:\/\/www.caseih.com\/emea\/es-es\/home\" target=\"_blank\">Case IH <\/a>incorpora cambios en cuanto a dise\u00f1o y rendimiento respecto al modelo anterior. Se trata de una m\u00e1quina compacta y maniobrable, que ofrece una excelente relaci\u00f3n calidad-precio y realiza todas las tareas de empacado con facilidad, con lo que el agricultor solo necesita una m\u00e1quina para realizar su trabajo. <\/p>\n\n\n\n<p>La caracter\u00edstica de dise\u00f1o m\u00e1s evidente de la RB 344 de Case IH es su moderna protecci\u00f3n lateral, que incorpora un robusto bastidor met\u00e1lico, bisagras superiores y soportes de los amortiguadores de gas. Adem\u00e1s de abrirse por completo para facilitar el acceso para tareas de servicio y mantenimiento, protege las bobinas de malla que hay de repuesto almacenadas en la m\u00e1quina. Los parachoques de goma a ambos lados del bastidor del port\u00f3n trasero garantizan que se cierre de forma suave y silenciosa, mientras que el cableado pasa ahora por el interior de la barra parachoques y las luces delanteras se han reubicado para conferir un aspecto robusto y profesional.<\/p>\n\n\n\n<h2 class=\"wp-block-heading\">Mejoras mec\u00e1nicas<\/h2>\n\n\n\n<p>Detr\u00e1s de este nuevo y\natractivo revestimiento, la RB 344 introduce una serie de mejoras mec\u00e1nicas que\nincrementan el rendimiento y la durabilidad, a la vez que reducen los costes\noperativos. Por ejemplo, el rodillo separador, la c\u00e1mara de empacado, el\nrodillo del suelo y el pick-up son ahora accionados por cadenas de transmisi\u00f3n\nde alta calidad con pasadores cromados y placas endurecidas que tienen un ciclo\nde vida m\u00e1s largo y reducen los costes de mantenimiento. Los rodamientos que\nsoportan la transmisi\u00f3n principal, el rodillo separador y el rotor en el lado\nde accionamiento tambi\u00e9n se han mejorado con juntas muy eficientes que evitan\nla contaminaci\u00f3n por polvo.<\/p>\n\n\n\n<figure class=\"wp-block-image\"><img loading=\"lazy\" decoding=\"async\" width=\"622\" height=\"310\" src=\"https:\/\/profesionalagro.com\/noticias\/imagenes\/2022\/05\/CASE-IH_RB_344_WEB-2.jpg\" alt=\"Case IH presenta la nueva rotoempacadora de c\u00e1mara fija RB344\" class=\"wp-image-49922\" srcset=\"https:\/\/profesionalagro.com\/noticias\/imagenes\/2022\/05\/CASE-IH_RB_344_WEB-2.jpg 622w, https:\/\/profesionalagro.com\/noticias\/imagenes\/2022\/05\/CASE-IH_RB_344_WEB-2-160x80.jpg 160w, https:\/\/profesionalagro.com\/noticias\/imagenes\/2022\/05\/CASE-IH_RB_344_WEB-2-300x150.jpg 300w, https:\/\/profesionalagro.com\/noticias\/imagenes\/2022\/05\/CASE-IH_RB_344_WEB-2-454x226.jpg 454w\" sizes=\"(max-width: 622px) 100vw, 622px\" \/><\/figure>\n\n\n\n<p>El pick-up de 2 m,\nequipado con p\u00faas de acero m\u00ednimamente distanciadas y largas protecciones de\npick-up pintadas en rojo para aumentar su visibilidad, recoge el cultivo y lo\ntransporta en un flujo uniforme y continuo al alimentador y la c\u00e1mara de\nempacado. Esto maximiza la capacidad de alimentaci\u00f3n para poder trabajar sin\np\u00e9rdidas incluso con hileras pesadas, mientras que el sistema de alimentaci\u00f3n\n\u00abpico de pato\u00bb asegura un inicio fiable de la malla en todas las\ncondiciones de cultivo. Un sistema preciso de control de densidad garantiza que\nlas pacas se formen exactamente seg\u00fan las especificaciones establecidas, que\npueden ajustarse o supervisarse desde la cabina del tractor. <\/p>\n\n\n\n<h2 class=\"wp-block-heading\">Pacas bien formadas<\/h2>\n\n\n\n<p>Los operadores cuentan\ncon una excelente visibilidad en toda la anchura del pick-up, lo que contribuye\na maximizar la recogida del producto y mantener la forma de la paca. El dise\u00f1o\nde la RB 344 tambi\u00e9n garantiza que las pacas se formen correctamente y se\nenvuelvan de manera uniforme hasta los bordes, ya est\u00e9 el producto h\u00famedo,\nmarchitado o seco, conservando todo su valor nutricional y potencial de\nalmacenamiento. No importa si se utiliza malla, pel\u00edcula de pl\u00e1stico o cuerda\npara la envoltura: el corte se realiza de forma r\u00e1pida y autom\u00e1tica, dejando la\npaca lista para su expulsi\u00f3n inmediata.<\/p>\n\n\n\n<p>El acreditado inversor\nhidr\u00e1ulico de rotor de Case IH, una opci\u00f3n instalada de f\u00e1brica para el modelo\nRotor Feeder, tambi\u00e9n contribuye a alcanzar un alto rendimiento fiable. Este\nutiliza un embrague de marcha libre que permite al operador invertir el rotor\ncon facilidad y rapidez para eliminar bloqueos sin salir de la cabina. <\/p>\n\n\n\n<p>La versatilidad de la RB\n344 mejora a\u00fan m\u00e1s con el Rotor Cutter, que cuenta con 15 cuchillas\nseleccionadas el\u00e9ctricamente que garantizan un corte uniforme del producto,\nmejorando la calidad del material empacado y reduciendo las p\u00e9rdidas de\ncultivo. Otra caracter\u00edstica es el sistema de c\u00e1mara, que garantiza un inicio\nseguro de la formaci\u00f3n de la paca en todas las condiciones de cultivo,\nahorrando tiempo y produciendo pacas bien formadas.<\/p>\n\n\n\n<h2 class=\"wp-block-heading\">Muy valoradas<\/h2>\n\n\n\n<p>Michal Jankowski,\nDirector de Marketing de Producto de Case IH, afirma: \u201cLa RB 344 cuenta con una\ngran aceptaci\u00f3n en toda Europa gracias a su capacidad para producir pacas\ndensas y perfectamente formadas de 120 cm x 125 cm en todas las condiciones de\ncultivo. Los agricultores tambi\u00e9n valoran su facilidad de uso, versatilidad,\nfiabilidad, durabilidad y bajos costes de mantenimiento\u201d.<\/p>\n\n\n\n<p>\u201cLa nueva versi\u00f3n de esta\npopular y eficaz empacadora tiene un dise\u00f1o moderno y llamativo en l\u00ednea con\nlos nuevos productos Case IH. Hay dos modelos: el RB 344 F Rotor Feeder y el RB\n344 R Rotor Cutter, que ya est\u00e1n disponibles en los concesionarios Case IH.\nAmbos son muy eficientes y trabajan c\u00f3modamente incluso con tractores de menos\nde 80 CV\u201d.<\/p>\n","protected":false},"excerpt":{"rendered":"<p>La nueva rotoempacadora de c\u00e1mara fija RB 344 de Case IH incorpora cambios en cuanto a dise\u00f1o y rendimiento respecto al modelo anterior. Se trata de una m\u00e1quina compacta y maniobrable, que ofrece una excelente relaci\u00f3n calidad-precio y realiza todas las tareas de empacado con facilidad, con lo que el agricultor solo necesita una m\u00e1quina [&hellip;]<\/p>\n","protected":false},"author":9,"featured_media":49923,"comment_status":"closed","ping_status":"open","sticky":false,"template":"","format":"standard","meta":{"footnotes":""},"categories":[33,36,39,42],"tags":[263,5772],"class_list":["post-49921","post","type-post","status-publish","format-standard","has-post-thumbnail","hentry","category-portada","category-portada3a","category-producto","category-productos3a","tag-case-ih","tag-rb-344"],"yoast_head":"<!-- This site is optimized with the Yoast SEO plugin v23.8 - https:\/\/yoast.com\/wordpress\/plugins\/seo\/ -->\n<title>Case IH presenta la nueva rotoempacadora de c\u00e1mara fija RB 344<\/title>\n<meta name=\"description\" content=\"La nueva rotoempacadora de c\u00e1mara fija RB 344 de Case IH produce pacas de 120x125 cm de forma eficiente en las versiones Rotor Feeder y Rotor Cutter\" \/>\n<meta name=\"robots\" content=\"index, follow, max-snippet:-1, max-image-preview:large, max-video-preview:-1\" \/>\n<link rel=\"canonical\" href=\"https:\/\/profesionalagro.com\/noticias\/case-ih-presenta-la-nueva-rotoempacadora-de-camara-fija-rb-344.html\" \/>\n<meta property=\"og:locale\" content=\"es_ES\" \/>\n<meta property=\"og:type\" content=\"article\" \/>\n<meta property=\"og:title\" content=\"Case IH presenta la nueva rotoempacadora de c\u00e1mara fija RB 344\" \/>\n<meta property=\"og:description\" content=\"La nueva rotoempacadora de c\u00e1mara fija RB 344 de Case IH produce pacas de 120x125 cm de forma eficiente en las versiones Rotor Feeder y Rotor Cutter\" \/>\n<meta property=\"og:url\" content=\"https:\/\/profesionalagro.com\/noticias\/case-ih-presenta-la-nueva-rotoempacadora-de-camara-fija-rb-344.html\" \/>\n<meta property=\"og:site_name\" content=\"Profesional AGRO | Agricultura y t\u00e9cnicas agrarias.\" \/>\n<meta property=\"article:publisher\" content=\"https:\/\/www.facebook.com\/profesionalAGRO\" \/>\n<meta property=\"article:published_time\" content=\"2022-05-04T12:00:56+00:00\" \/>\n<meta property=\"article:modified_time\" content=\"2022-05-05T09:51:45+00:00\" \/>\n<meta property=\"og:image\" content=\"https:\/\/profesionalagro.com\/noticias\/imagenes\/2022\/05\/CASE-IH_RB_344_WEB-1.jpg\" \/>\n\t<meta property=\"og:image:width\" content=\"622\" \/>\n\t<meta property=\"og:image:height\" content=\"310\" \/>\n\t<meta property=\"og:image:type\" content=\"image\/jpeg\" \/>\n<meta name=\"author\" content=\"Profesional AGRO\" \/>\n<meta name=\"twitter:card\" content=\"summary_large_image\" \/>\n<meta name=\"twitter:creator\" content=\"@profesionalAGRO\" \/>\n<meta name=\"twitter:site\" content=\"@profesionalAGRO\" \/>\n<meta name=\"twitter:label1\" content=\"Escrito por\" \/>\n\t<meta name=\"twitter:data1\" content=\"Profesional AGRO\" \/>\n\t<meta name=\"twitter:label2\" content=\"Tiempo de lectura\" \/>\n\t<meta name=\"twitter:data2\" content=\"4 minutos\" \/>\n<script type=\"application\/ld+json\" class=\"yoast-schema-graph\">{\"@context\":\"https:\/\/schema.org\",\"@graph\":[{\"@type\":\"Article\",\"@id\":\"https:\/\/profesionalagro.com\/noticias\/case-ih-presenta-la-nueva-rotoempacadora-de-camara-fija-rb-344.html#article\",\"isPartOf\":{\"@id\":\"https:\/\/profesionalagro.com\/noticias\/case-ih-presenta-la-nueva-rotoempacadora-de-camara-fija-rb-344.html\"},\"author\":{\"name\":\"Profesional AGRO\",\"@id\":\"https:\/\/profesionalagro.com\/noticias\/#\/schema\/person\/3e4e555f38adccc774a8a808de27b201\"},\"headline\":\"Case IH presenta la nueva rotoempacadora de c\u00e1mara fija RB 344\",\"datePublished\":\"2022-05-04T12:00:56+00:00\",\"dateModified\":\"2022-05-05T09:51:45+00:00\",\"mainEntityOfPage\":{\"@id\":\"https:\/\/profesionalagro.com\/noticias\/case-ih-presenta-la-nueva-rotoempacadora-de-camara-fija-rb-344.html\"},\"wordCount\":792,\"publisher\":{\"@id\":\"https:\/\/profesionalagro.com\/noticias\/#organization\"},\"image\":{\"@id\":\"https:\/\/profesionalagro.com\/noticias\/case-ih-presenta-la-nueva-rotoempacadora-de-camara-fija-rb-344.html#primaryimage\"},\"thumbnailUrl\":\"https:\/\/profesionalagro.com\/noticias\/imagenes\/2022\/05\/CASE-IH_RB_344_WEB-1.jpg\",\"keywords\":[\"Case IH\",\"RB 344\"],\"articleSection\":[\"Portada\",\"Portada3a\",\"Producto\",\"Productos3a\"],\"inLanguage\":\"es\"},{\"@type\":\"WebPage\",\"@id\":\"https:\/\/profesionalagro.com\/noticias\/case-ih-presenta-la-nueva-rotoempacadora-de-camara-fija-rb-344.html\",\"url\":\"https:\/\/profesionalagro.com\/noticias\/case-ih-presenta-la-nueva-rotoempacadora-de-camara-fija-rb-344.html\",\"name\":\"Case IH presenta la nueva rotoempacadora de c\u00e1mara fija RB 344\",\"isPartOf\":{\"@id\":\"https:\/\/profesionalagro.com\/noticias\/#website\"},\"primaryImageOfPage\":{\"@id\":\"https:\/\/profesionalagro.com\/noticias\/case-ih-presenta-la-nueva-rotoempacadora-de-camara-fija-rb-344.html#primaryimage\"},\"image\":{\"@id\":\"https:\/\/profesionalagro.com\/noticias\/case-ih-presenta-la-nueva-rotoempacadora-de-camara-fija-rb-344.html#primaryimage\"},\"thumbnailUrl\":\"https:\/\/profesionalagro.com\/noticias\/imagenes\/2022\/05\/CASE-IH_RB_344_WEB-1.jpg\",\"datePublished\":\"2022-05-04T12:00:56+00:00\",\"dateModified\":\"2022-05-05T09:51:45+00:00\",\"description\":\"La nueva rotoempacadora de c\u00e1mara fija RB 344 de Case IH produce pacas de 120x125 cm de forma eficiente en las versiones Rotor Feeder y Rotor Cutter\",\"breadcrumb\":{\"@id\":\"https:\/\/profesionalagro.com\/noticias\/case-ih-presenta-la-nueva-rotoempacadora-de-camara-fija-rb-344.html#breadcrumb\"},\"inLanguage\":\"es\",\"potentialAction\":[{\"@type\":\"ReadAction\",\"target\":[\"https:\/\/profesionalagro.com\/noticias\/case-ih-presenta-la-nueva-rotoempacadora-de-camara-fija-rb-344.html\"]}]},{\"@type\":\"ImageObject\",\"inLanguage\":\"es\",\"@id\":\"https:\/\/profesionalagro.com\/noticias\/case-ih-presenta-la-nueva-rotoempacadora-de-camara-fija-rb-344.html#primaryimage\",\"url\":\"https:\/\/profesionalagro.com\/noticias\/imagenes\/2022\/05\/CASE-IH_RB_344_WEB-1.jpg\",\"contentUrl\":\"https:\/\/profesionalagro.com\/noticias\/imagenes\/2022\/05\/CASE-IH_RB_344_WEB-1.jpg\",\"width\":622,\"height\":310},{\"@type\":\"BreadcrumbList\",\"@id\":\"https:\/\/profesionalagro.com\/noticias\/case-ih-presenta-la-nueva-rotoempacadora-de-camara-fija-rb-344.html#breadcrumb\",\"itemListElement\":[{\"@type\":\"ListItem\",\"position\":1,\"name\":\"Portada\",\"item\":\"https:\/\/profesionalagro.com\/noticias\"},{\"@type\":\"ListItem\",\"position\":2,\"name\":\"Case IH presenta la nueva rotoempacadora de c\u00e1mara fija RB 344\"}]},{\"@type\":\"WebSite\",\"@id\":\"https:\/\/profesionalagro.com\/noticias\/#website\",\"url\":\"https:\/\/profesionalagro.com\/noticias\/\",\"name\":\"Profesional AGRO | Agricultura y t\u00e9cnicas agrarias.\",\"description\":\"Profesional AGRO, toda la actualidad del sector de la agricultura y t\u00e9cnicas agrarias. Tractores, Cosechadoras, Sembradoras, aperos, remolques...\",\"publisher\":{\"@id\":\"https:\/\/profesionalagro.com\/noticias\/#organization\"},\"potentialAction\":[{\"@type\":\"SearchAction\",\"target\":{\"@type\":\"EntryPoint\",\"urlTemplate\":\"https:\/\/profesionalagro.com\/noticias\/?s={search_term_string}\"},\"query-input\":{\"@type\":\"PropertyValueSpecification\",\"valueRequired\":true,\"valueName\":\"search_term_string\"}}],\"inLanguage\":\"es\"},{\"@type\":\"Organization\",\"@id\":\"https:\/\/profesionalagro.com\/noticias\/#organization\",\"name\":\"Profesional AGRO\",\"url\":\"https:\/\/profesionalagro.com\/noticias\/\",\"logo\":{\"@type\":\"ImageObject\",\"inLanguage\":\"es\",\"@id\":\"https:\/\/profesionalagro.com\/noticias\/#\/schema\/logo\/image\/\",\"url\":\"https:\/\/profesionalagro.com\/noticias\/imagenes\/2019\/02\/AGRO-LOGO.png\",\"contentUrl\":\"https:\/\/profesionalagro.com\/noticias\/imagenes\/2019\/02\/AGRO-LOGO.png\",\"width\":500,\"height\":307,\"caption\":\"Profesional AGRO\"},\"image\":{\"@id\":\"https:\/\/profesionalagro.com\/noticias\/#\/schema\/logo\/image\/\"},\"sameAs\":[\"https:\/\/www.facebook.com\/profesionalAGRO\",\"https:\/\/x.com\/profesionalAGRO\"]},{\"@type\":\"Person\",\"@id\":\"https:\/\/profesionalagro.com\/noticias\/#\/schema\/person\/3e4e555f38adccc774a8a808de27b201\",\"name\":\"Profesional AGRO\",\"image\":{\"@type\":\"ImageObject\",\"inLanguage\":\"es\",\"@id\":\"https:\/\/profesionalagro.com\/noticias\/#\/schema\/person\/image\/\",\"url\":\"https:\/\/secure.gravatar.com\/avatar\/accc7a2b2e4bfb6cee685b8ec992891f?s=96&d=mm&r=g\",\"contentUrl\":\"https:\/\/secure.gravatar.com\/avatar\/accc7a2b2e4bfb6cee685b8ec992891f?s=96&d=mm&r=g\",\"caption\":\"Profesional AGRO\"}}]}<\/script>\n<!-- \/ Yoast SEO plugin. -->","yoast_head_json":{"title":"Case IH presenta la nueva rotoempacadora de c\u00e1mara fija RB 344","description":"La nueva rotoempacadora de c\u00e1mara fija RB 344 de Case IH produce pacas de 120x125 cm de forma eficiente en las versiones Rotor Feeder y Rotor Cutter","robots":{"index":"index","follow":"follow","max-snippet":"max-snippet:-1","max-image-preview":"max-image-preview:large","max-video-preview":"max-video-preview:-1"},"canonical":"https:\/\/profesionalagro.com\/noticias\/case-ih-presenta-la-nueva-rotoempacadora-de-camara-fija-rb-344.html","og_locale":"es_ES","og_type":"article","og_title":"Case IH presenta la nueva rotoempacadora de c\u00e1mara fija RB 344","og_description":"La nueva rotoempacadora de c\u00e1mara fija RB 344 de Case IH produce pacas de 120x125 cm de forma eficiente en las versiones Rotor Feeder y Rotor Cutter","og_url":"https:\/\/profesionalagro.com\/noticias\/case-ih-presenta-la-nueva-rotoempacadora-de-camara-fija-rb-344.html","og_site_name":"Profesional AGRO | Agricultura y t\u00e9cnicas agrarias.","article_publisher":"https:\/\/www.facebook.com\/profesionalAGRO","article_published_time":"2022-05-04T12:00:56+00:00","article_modified_time":"2022-05-05T09:51:45+00:00","og_image":[{"width":622,"height":310,"url":"https:\/\/profesionalagro.com\/noticias\/imagenes\/2022\/05\/CASE-IH_RB_344_WEB-1.jpg","type":"image\/jpeg"}],"author":"Profesional AGRO","twitter_card":"summary_large_image","twitter_creator":"@profesionalAGRO","twitter_site":"@profesionalAGRO","twitter_misc":{"Escrito por":"Profesional AGRO","Tiempo de lectura":"4 minutos"},"schema":{"@context":"https:\/\/schema.org","@graph":[{"@type":"Article","@id":"https:\/\/profesionalagro.com\/noticias\/case-ih-presenta-la-nueva-rotoempacadora-de-camara-fija-rb-344.html#article","isPartOf":{"@id":"https:\/\/profesionalagro.com\/noticias\/case-ih-presenta-la-nueva-rotoempacadora-de-camara-fija-rb-344.html"},"author":{"name":"Profesional AGRO","@id":"https:\/\/profesionalagro.com\/noticias\/#\/schema\/person\/3e4e555f38adccc774a8a808de27b201"},"headline":"Case IH presenta la nueva rotoempacadora de c\u00e1mara fija RB 344","datePublished":"2022-05-04T12:00:56+00:00","dateModified":"2022-05-05T09:51:45+00:00","mainEntityOfPage":{"@id":"https:\/\/profesionalagro.com\/noticias\/case-ih-presenta-la-nueva-rotoempacadora-de-camara-fija-rb-344.html"},"wordCount":792,"publisher":{"@id":"https:\/\/profesionalagro.com\/noticias\/#organization"},"image":{"@id":"https:\/\/profesionalagro.com\/noticias\/case-ih-presenta-la-nueva-rotoempacadora-de-camara-fija-rb-344.html#primaryimage"},"thumbnailUrl":"https:\/\/profesionalagro.com\/noticias\/imagenes\/2022\/05\/CASE-IH_RB_344_WEB-1.jpg","keywords":["Case IH","RB 344"],"articleSection":["Portada","Portada3a","Producto","Productos3a"],"inLanguage":"es"},{"@type":"WebPage","@id":"https:\/\/profesionalagro.com\/noticias\/case-ih-presenta-la-nueva-rotoempacadora-de-camara-fija-rb-344.html","url":"https:\/\/profesionalagro.com\/noticias\/case-ih-presenta-la-nueva-rotoempacadora-de-camara-fija-rb-344.html","name":"Case IH presenta la nueva rotoempacadora de c\u00e1mara fija RB 344","isPartOf":{"@id":"https:\/\/profesionalagro.com\/noticias\/#website"},"primaryImageOfPage":{"@id":"https:\/\/profesionalagro.com\/noticias\/case-ih-presenta-la-nueva-rotoempacadora-de-camara-fija-rb-344.html#primaryimage"},"image":{"@id":"https:\/\/profesionalagro.com\/noticias\/case-ih-presenta-la-nueva-rotoempacadora-de-camara-fija-rb-344.html#primaryimage"},"thumbnailUrl":"https:\/\/profesionalagro.com\/noticias\/imagenes\/2022\/05\/CASE-IH_RB_344_WEB-1.jpg","datePublished":"2022-05-04T12:00:56+00:00","dateModified":"2022-05-05T09:51:45+00:00","description":"La nueva rotoempacadora de c\u00e1mara fija RB 344 de Case IH produce pacas de 120x125 cm de forma eficiente en las versiones Rotor Feeder y Rotor Cutter","breadcrumb":{"@id":"https:\/\/profesionalagro.com\/noticias\/case-ih-presenta-la-nueva-rotoempacadora-de-camara-fija-rb-344.html#breadcrumb"},"inLanguage":"es","potentialAction":[{"@type":"ReadAction","target":["https:\/\/profesionalagro.com\/noticias\/case-ih-presenta-la-nueva-rotoempacadora-de-camara-fija-rb-344.html"]}]},{"@type":"ImageObject","inLanguage":"es","@id":"https:\/\/profesionalagro.com\/noticias\/case-ih-presenta-la-nueva-rotoempacadora-de-camara-fija-rb-344.html#primaryimage","url":"https:\/\/profesionalagro.com\/noticias\/imagenes\/2022\/05\/CASE-IH_RB_344_WEB-1.jpg","contentUrl":"https:\/\/profesionalagro.com\/noticias\/imagenes\/2022\/05\/CASE-IH_RB_344_WEB-1.jpg","width":622,"height":310},{"@type":"BreadcrumbList","@id":"https:\/\/profesionalagro.com\/noticias\/case-ih-presenta-la-nueva-rotoempacadora-de-camara-fija-rb-344.html#breadcrumb","itemListElement":[{"@type":"ListItem","position":1,"name":"Portada","item":"https:\/\/profesionalagro.com\/noticias"},{"@type":"ListItem","position":2,"name":"Case IH presenta la nueva rotoempacadora de c\u00e1mara fija RB 344"}]},{"@type":"WebSite","@id":"https:\/\/profesionalagro.com\/noticias\/#website","url":"https:\/\/profesionalagro.com\/noticias\/","name":"Profesional AGRO | Agricultura y t\u00e9cnicas agrarias.","description":"Profesional AGRO, toda la actualidad del sector de la agricultura y t\u00e9cnicas agrarias. Tractores, Cosechadoras, Sembradoras, aperos, remolques...","publisher":{"@id":"https:\/\/profesionalagro.com\/noticias\/#organization"},"potentialAction":[{"@type":"SearchAction","target":{"@type":"EntryPoint","urlTemplate":"https:\/\/profesionalagro.com\/noticias\/?s={search_term_string}"},"query-input":{"@type":"PropertyValueSpecification","valueRequired":true,"valueName":"search_term_string"}}],"inLanguage":"es"},{"@type":"Organization","@id":"https:\/\/profesionalagro.com\/noticias\/#organization","name":"Profesional AGRO","url":"https:\/\/profesionalagro.com\/noticias\/","logo":{"@type":"ImageObject","inLanguage":"es","@id":"https:\/\/profesionalagro.com\/noticias\/#\/schema\/logo\/image\/","url":"https:\/\/profesionalagro.com\/noticias\/imagenes\/2019\/02\/AGRO-LOGO.png","contentUrl":"https:\/\/profesionalagro.com\/noticias\/imagenes\/2019\/02\/AGRO-LOGO.png","width":500,"height":307,"caption":"Profesional AGRO"},"image":{"@id":"https:\/\/profesionalagro.com\/noticias\/#\/schema\/logo\/image\/"},"sameAs":["https:\/\/www.facebook.com\/profesionalAGRO","https:\/\/x.com\/profesionalAGRO"]},{"@type":"Person","@id":"https:\/\/profesionalagro.com\/noticias\/#\/schema\/person\/3e4e555f38adccc774a8a808de27b201","name":"Profesional AGRO","image":{"@type":"ImageObject","inLanguage":"es","@id":"https:\/\/profesionalagro.com\/noticias\/#\/schema\/person\/image\/","url":"https:\/\/secure.gravatar.com\/avatar\/accc7a2b2e4bfb6cee685b8ec992891f?s=96&d=mm&r=g","contentUrl":"https:\/\/secure.gravatar.com\/avatar\/accc7a2b2e4bfb6cee685b8ec992891f?s=96&d=mm&r=g","caption":"Profesional AGRO"}}]}},"_links":{"self":[{"href":"https:\/\/profesionalagro.com\/noticias\/wp-json\/wp\/v2\/posts\/49921"}],"collection":[{"href":"https:\/\/profesionalagro.com\/noticias\/wp-json\/wp\/v2\/posts"}],"about":[{"href":"https:\/\/profesionalagro.com\/noticias\/wp-json\/wp\/v2\/types\/post"}],"author":[{"embeddable":true,"href":"https:\/\/profesionalagro.com\/noticias\/wp-json\/wp\/v2\/users\/9"}],"replies":[{"embeddable":true,"href":"https:\/\/profesionalagro.com\/noticias\/wp-json\/wp\/v2\/comments?post=49921"}],"version-history":[{"count":1,"href":"https:\/\/profesionalagro.com\/noticias\/wp-json\/wp\/v2\/posts\/49921\/revisions"}],"predecessor-version":[{"id":49924,"href":"https:\/\/profesionalagro.com\/noticias\/wp-json\/wp\/v2\/posts\/49921\/revisions\/49924"}],"wp:featuredmedia":[{"embeddable":true,"href":"https:\/\/profesionalagro.com\/noticias\/wp-json\/wp\/v2\/media\/49923"}],"wp:attachment":[{"href":"https:\/\/profesionalagro.com\/noticias\/wp-json\/wp\/v2\/media?parent=49921"}],"wp:term":[{"taxonomy":"category","embeddable":true,"href":"https:\/\/profesionalagro.com\/noticias\/wp-json\/wp\/v2\/categories?post=49921"},{"taxonomy":"post_tag","embeddable":true,"href":"https:\/\/profesionalagro.com\/noticias\/wp-json\/wp\/v2\/tags?post=49921"}],"curies":[{"name":"wp","href":"https:\/\/api.w.org\/{rel}","templated":true}]}}