{"id":20701,"date":"2016-03-14T15:39:34","date_gmt":"2016-03-14T15:39:34","guid":{"rendered":"http:\/\/profesionalagro.com\/noticias\/?p=20701"},"modified":"2016-03-21T08:57:57","modified_gmt":"2016-03-21T08:57:57","slug":"el-grupo-an-reconocido-como-entidad-asociativa-prioritaria","status":"publish","type":"post","link":"https:\/\/profesionalagro.com\/noticias\/el-grupo-an-reconocido-como-entidad-asociativa-prioritaria.html","title":{"rendered":"El Grupo AN reconocido como Entidad Asociativa Prioritaria"},"content":{"rendered":"<p><img loading=\"lazy\" decoding=\"async\" class=\"alignleft size-full wp-image-20702\" src=\"http:\/\/profesionalagro.com\/noticias\/imagenes\/2016\/03\/Grupo-AN-Logo-Fondo-Blanco.jpg\" alt=\"Grupo-AN-Logo-Fondo-Blanco\" width=\"300\" height=\"214\" srcset=\"https:\/\/profesionalagro.com\/noticias\/imagenes\/2016\/03\/Grupo-AN-Logo-Fondo-Blanco.jpg 300w, https:\/\/profesionalagro.com\/noticias\/imagenes\/2016\/03\/Grupo-AN-Logo-Fondo-Blanco-160x114.jpg 160w\" sizes=\"(max-width: 300px) 100vw, 300px\" \/>La <strong>cooperativa AN<\/strong> ha quedado inscrita en el <strong>Registro Nacional de Entidades Asociativas Prioritarias (EAPs)<\/strong> con el n\u00famero <strong>EAP 003.<\/strong> La Ley y Real Decreto que regulan el reconocimiento de EAP exigen la comercializaci\u00f3n del 100% del producto de los socios, estar en varias Autonom\u00edas y facturar m\u00e1s de 750 millones de euros, requisitos cuyo cumplimiento ha acreditado el Grupo AN. La Ley dice que las EAPs y sus socios tendr\u00e1n preferencia en la \u201cconcesi\u00f3n de subvenciones y ayudas\u201d, por lo que se podr\u00e1n beneficiar las m\u00e1s de cien cooperativas y 30.000 agricultores del Grupo AN. Algunas Autonom\u00edas, como Navarra o Castilla-La Mancha, ya han sacado convocatorias p\u00fablicas de ayudas a la inversi\u00f3n de agricultores y cooperativas dando preferencia a los que son EAP.<\/p>\n<p>Las Cortes Generales, por unanimidad, aprobaron el 2 de agosto de 2013 la Ley de Fomento de la Integraci\u00f3n Cooperativa y otras entidades asociativas de car\u00e1cter agroalimentario para defender al sector productor por tener \u201cun valor estrat\u00e9gico innegable\u201d -frente a una industria y una distribuci\u00f3n muy concentrada- y estar muy atomizado. La Ley tiene como fin \u201cfomentar la agrupaci\u00f3n de los primeros eslabones que conforman la cadena alimentaria, mediante la fusi\u00f3n o integraci\u00f3n de las entidades asociativas, con el objeto de favorecer su redimensionamiento, mejorar su competitividad y contribuir a la valorizaci\u00f3n de sus producciones\u201d. Igualmente, busca mejorar la formaci\u00f3n de los responsables en la gobernanza y gesti\u00f3n, contribuir a la mejora de la renta de los productores agrarios integrados en las entidades asociativas y favorecer la integraci\u00f3n de los productores en \u201centidades asociativas prioritarias\u201d.<\/p>\n<p>El Grupo AN ha logrado cumplir todos los requisitos solicitados para ser reconocida EAP, al sumar a los 716 millones de euros con los que cerr\u00f3 la facturaci\u00f3n del \u00faltimo ejercicio a 30 de junio de 2015 las ventas de las 21 cooperativas de Extremadura que se han incorporado en el actual ejercicio y las cifras de negocio de nuevas empresas adquiridas, como la congeladora vallisoletana Iberfresco, seg\u00fan fuentes de AN.<\/p>\n<p>Adem\u00e1s, como viene haciendo desde los a\u00f1os ochenta del pasado siglo, el Grupo AN tiene un sistema que pasa por la comercializaci\u00f3n del 100% de la producci\u00f3n de sus socios, a los que garantiza el cobro de toda su producci\u00f3n, que en cereales le llevan a ser la mayor cooperativa de Espa\u00f1a con la comercializaci\u00f3n conjunta de la producci\u00f3n de los asociados de 1,3 millones de toneladas, que cultivan no s\u00f3lo en Navarra sino tambi\u00e9n en Castilla y Le\u00f3n, Arag\u00f3n, Castilla-La Mancha, La Rioja, Pa\u00eds Vasco y, como se ha comentado, desde este ejercicio, Extremadura.<\/p>\n<p>En la mayor parte de esas regiones citadas existen tambi\u00e9n cooperativas socias con agricultores que producen las m\u00e1s de 500.000 toneladas de frutas y hortalizas que el Grupo AN comercializa en todos los formatos que demanda el mercado: frescas, conservas, congeladas, cuarta y quinta gama; cuenta con productores av\u00edcolas tanto en Navarra como Arag\u00f3n, La Rioja, Castilla y Le\u00f3n y Pa\u00eds Vasco, adem\u00e1s de porcicultores que agrupan ventas de 800 cerdos diarios.<\/p>\n<p>M\u00e1s de 30.000 agricultores y ganaderos socios que, adem\u00e1s, se integran en las centrales de compras de suministros del Grupo AN de fertilizantes (165.000 t de semillas y fitosanitarios, 28,2 millones \u20ac de piensos, 224.217 t de incubadora, 39 millones de pollitos, carburantes \u2013la red cooperativa independiente mayor de Espa\u00f1a, con la venta de m\u00e1s de 160 millones de litros- y seguros, con corredur\u00eda propia y 16.000 p\u00f3lizas). Producciones que, en buena parte, como se ha comentado, se transforman en industrias propias \u2013f\u00e1brica de Piensos Caceco, dos centros av\u00edcolas desde los que se sacrifican, procesan y venden cada d\u00eda 160.000 pollos; dos f\u00e1bricas de conservas vegetales en Andosilla y Castej\u00f3n; planta de cuarta gama de vegetales y centro de fresco en Tudela, a los que se unen los de Caparroso y Fusti\u00f1ana ; congeladora de Olmedo y participaci\u00f3n de Congelados Navarra (25%), centros desde los que se abordan tanto los mercados interiores como internacionales.<\/p>\n","protected":false},"excerpt":{"rendered":"<p>La cooperativa AN ha quedado inscrita en el Registro Nacional de Entidades Asociativas Prioritarias (EAPs) con el n\u00famero EAP 003. La Ley y Real Decreto que regulan el reconocimiento de EAP exigen la comercializaci\u00f3n del 100% del producto de los socios, estar en varias Autonom\u00edas y facturar m\u00e1s de 750 millones de euros, requisitos cuyo [&hellip;]<\/p>\n","protected":false},"author":10,"featured_media":0,"comment_status":"closed","ping_status":"open","sticky":false,"template":"","format":"standard","meta":{"footnotes":""},"categories":[15,18,33,34],"tags":[1502,1501],"class_list":["post-20701","post","type-post","status-publish","format-standard","hentry","category-empresa","category-empresas3a","category-portada","category-portada1","tag-entidad-asociativa-prioritaria","tag-grupo-an"],"yoast_head":"<!-- This site is optimized with the Yoast SEO plugin v23.8 - https:\/\/yoast.com\/wordpress\/plugins\/seo\/ -->\n<title>El Grupo AN reconocido como Entidad Asociativa Prioritaria<\/title>\n<meta name=\"robots\" content=\"index, follow, max-snippet:-1, max-image-preview:large, max-video-preview:-1\" \/>\n<link rel=\"canonical\" href=\"https:\/\/profesionalagro.com\/noticias\/el-grupo-an-reconocido-como-entidad-asociativa-prioritaria.html\" \/>\n<meta property=\"og:locale\" content=\"es_ES\" \/>\n<meta property=\"og:type\" content=\"article\" \/>\n<meta property=\"og:title\" content=\"El Grupo AN reconocido como Entidad Asociativa Prioritaria\" \/>\n<meta property=\"og:description\" content=\"La cooperativa AN ha quedado inscrita en el Registro Nacional de Entidades Asociativas Prioritarias (EAPs) con el n\u00famero EAP 003. La Ley y Real Decreto que regulan el reconocimiento de EAP exigen la comercializaci\u00f3n del 100% del producto de los socios, estar en varias Autonom\u00edas y facturar m\u00e1s de 750 millones de euros, requisitos cuyo [&hellip;]\" \/>\n<meta property=\"og:url\" content=\"https:\/\/profesionalagro.com\/noticias\/el-grupo-an-reconocido-como-entidad-asociativa-prioritaria.html\" \/>\n<meta property=\"og:site_name\" content=\"Profesional AGRO | Agricultura y t\u00e9cnicas agrarias.\" \/>\n<meta property=\"article:publisher\" content=\"https:\/\/www.facebook.com\/profesionalAGRO\" \/>\n<meta property=\"article:published_time\" content=\"2016-03-14T15:39:34+00:00\" \/>\n<meta property=\"article:modified_time\" content=\"2016-03-21T08:57:57+00:00\" \/>\n<meta property=\"og:image\" content=\"http:\/\/profesionalagro.com\/noticias\/imagenes\/2016\/03\/Grupo-AN-Logo-Fondo-Blanco.jpg\" \/>\n<meta name=\"author\" content=\"Profesional AGRO\" \/>\n<meta name=\"twitter:card\" content=\"summary_large_image\" \/>\n<meta name=\"twitter:creator\" content=\"@profesionalAGRO\" \/>\n<meta name=\"twitter:site\" content=\"@profesionalAGRO\" \/>\n<meta name=\"twitter:label1\" content=\"Escrito por\" \/>\n\t<meta name=\"twitter:data1\" content=\"Profesional AGRO\" \/>\n\t<meta name=\"twitter:label2\" content=\"Tiempo de lectura\" \/>\n\t<meta name=\"twitter:data2\" content=\"3 minutos\" \/>\n<script type=\"application\/ld+json\" class=\"yoast-schema-graph\">{\"@context\":\"https:\/\/schema.org\",\"@graph\":[{\"@type\":\"Article\",\"@id\":\"https:\/\/profesionalagro.com\/noticias\/el-grupo-an-reconocido-como-entidad-asociativa-prioritaria.html#article\",\"isPartOf\":{\"@id\":\"https:\/\/profesionalagro.com\/noticias\/el-grupo-an-reconocido-como-entidad-asociativa-prioritaria.html\"},\"author\":{\"name\":\"Profesional AGRO\",\"@id\":\"https:\/\/profesionalagro.com\/noticias\/#\/schema\/person\/9183b425c3ad273a7c5da345a1996844\"},\"headline\":\"El Grupo AN reconocido como Entidad Asociativa Prioritaria\",\"datePublished\":\"2016-03-14T15:39:34+00:00\",\"dateModified\":\"2016-03-21T08:57:57+00:00\",\"mainEntityOfPage\":{\"@id\":\"https:\/\/profesionalagro.com\/noticias\/el-grupo-an-reconocido-como-entidad-asociativa-prioritaria.html\"},\"wordCount\":691,\"publisher\":{\"@id\":\"https:\/\/profesionalagro.com\/noticias\/#organization\"},\"image\":{\"@id\":\"https:\/\/profesionalagro.com\/noticias\/el-grupo-an-reconocido-como-entidad-asociativa-prioritaria.html#primaryimage\"},\"thumbnailUrl\":\"http:\/\/profesionalagro.com\/noticias\/imagenes\/2016\/03\/Grupo-AN-Logo-Fondo-Blanco.jpg\",\"keywords\":[\"Entidad Asociativa Prioritaria\",\"GRUPO AN\"],\"articleSection\":[\"Empresa\",\"Empresas3a\",\"Portada\",\"Portada1\"],\"inLanguage\":\"es\"},{\"@type\":\"WebPage\",\"@id\":\"https:\/\/profesionalagro.com\/noticias\/el-grupo-an-reconocido-como-entidad-asociativa-prioritaria.html\",\"url\":\"https:\/\/profesionalagro.com\/noticias\/el-grupo-an-reconocido-como-entidad-asociativa-prioritaria.html\",\"name\":\"El Grupo AN reconocido como Entidad Asociativa Prioritaria\",\"isPartOf\":{\"@id\":\"https:\/\/profesionalagro.com\/noticias\/#website\"},\"primaryImageOfPage\":{\"@id\":\"https:\/\/profesionalagro.com\/noticias\/el-grupo-an-reconocido-como-entidad-asociativa-prioritaria.html#primaryimage\"},\"image\":{\"@id\":\"https:\/\/profesionalagro.com\/noticias\/el-grupo-an-reconocido-como-entidad-asociativa-prioritaria.html#primaryimage\"},\"thumbnailUrl\":\"http:\/\/profesionalagro.com\/noticias\/imagenes\/2016\/03\/Grupo-AN-Logo-Fondo-Blanco.jpg\",\"datePublished\":\"2016-03-14T15:39:34+00:00\",\"dateModified\":\"2016-03-21T08:57:57+00:00\",\"breadcrumb\":{\"@id\":\"https:\/\/profesionalagro.com\/noticias\/el-grupo-an-reconocido-como-entidad-asociativa-prioritaria.html#breadcrumb\"},\"inLanguage\":\"es\",\"potentialAction\":[{\"@type\":\"ReadAction\",\"target\":[\"https:\/\/profesionalagro.com\/noticias\/el-grupo-an-reconocido-como-entidad-asociativa-prioritaria.html\"]}]},{\"@type\":\"ImageObject\",\"inLanguage\":\"es\",\"@id\":\"https:\/\/profesionalagro.com\/noticias\/el-grupo-an-reconocido-como-entidad-asociativa-prioritaria.html#primaryimage\",\"url\":\"https:\/\/profesionalagro.com\/noticias\/imagenes\/2016\/03\/Grupo-AN-Logo-Fondo-Blanco.jpg\",\"contentUrl\":\"https:\/\/profesionalagro.com\/noticias\/imagenes\/2016\/03\/Grupo-AN-Logo-Fondo-Blanco.jpg\",\"width\":300,\"height\":214},{\"@type\":\"BreadcrumbList\",\"@id\":\"https:\/\/profesionalagro.com\/noticias\/el-grupo-an-reconocido-como-entidad-asociativa-prioritaria.html#breadcrumb\",\"itemListElement\":[{\"@type\":\"ListItem\",\"position\":1,\"name\":\"Portada\",\"item\":\"https:\/\/profesionalagro.com\/noticias\"},{\"@type\":\"ListItem\",\"position\":2,\"name\":\"El Grupo AN reconocido como Entidad Asociativa Prioritaria\"}]},{\"@type\":\"WebSite\",\"@id\":\"https:\/\/profesionalagro.com\/noticias\/#website\",\"url\":\"https:\/\/profesionalagro.com\/noticias\/\",\"name\":\"Profesional AGRO | Agricultura y t\u00e9cnicas agrarias.\",\"description\":\"Profesional AGRO, toda la actualidad del sector de la agricultura y t\u00e9cnicas agrarias. Tractores, Cosechadoras, Sembradoras, aperos, remolques...\",\"publisher\":{\"@id\":\"https:\/\/profesionalagro.com\/noticias\/#organization\"},\"potentialAction\":[{\"@type\":\"SearchAction\",\"target\":{\"@type\":\"EntryPoint\",\"urlTemplate\":\"https:\/\/profesionalagro.com\/noticias\/?s={search_term_string}\"},\"query-input\":{\"@type\":\"PropertyValueSpecification\",\"valueRequired\":true,\"valueName\":\"search_term_string\"}}],\"inLanguage\":\"es\"},{\"@type\":\"Organization\",\"@id\":\"https:\/\/profesionalagro.com\/noticias\/#organization\",\"name\":\"Profesional AGRO\",\"url\":\"https:\/\/profesionalagro.com\/noticias\/\",\"logo\":{\"@type\":\"ImageObject\",\"inLanguage\":\"es\",\"@id\":\"https:\/\/profesionalagro.com\/noticias\/#\/schema\/logo\/image\/\",\"url\":\"https:\/\/profesionalagro.com\/noticias\/imagenes\/2019\/02\/AGRO-LOGO.png\",\"contentUrl\":\"https:\/\/profesionalagro.com\/noticias\/imagenes\/2019\/02\/AGRO-LOGO.png\",\"width\":500,\"height\":307,\"caption\":\"Profesional AGRO\"},\"image\":{\"@id\":\"https:\/\/profesionalagro.com\/noticias\/#\/schema\/logo\/image\/\"},\"sameAs\":[\"https:\/\/www.facebook.com\/profesionalAGRO\",\"https:\/\/x.com\/profesionalAGRO\"]},{\"@type\":\"Person\",\"@id\":\"https:\/\/profesionalagro.com\/noticias\/#\/schema\/person\/9183b425c3ad273a7c5da345a1996844\",\"name\":\"Profesional AGRO\",\"image\":{\"@type\":\"ImageObject\",\"inLanguage\":\"es\",\"@id\":\"https:\/\/profesionalagro.com\/noticias\/#\/schema\/person\/image\/\",\"url\":\"https:\/\/secure.gravatar.com\/avatar\/00466f62ddcf00e3a3f2975953fb4a19?s=96&d=mm&r=g\",\"contentUrl\":\"https:\/\/secure.gravatar.com\/avatar\/00466f62ddcf00e3a3f2975953fb4a19?s=96&d=mm&r=g\",\"caption\":\"Profesional AGRO\"}}]}<\/script>\n<!-- \/ Yoast SEO plugin. -->","yoast_head_json":{"title":"El Grupo AN reconocido como Entidad Asociativa Prioritaria","robots":{"index":"index","follow":"follow","max-snippet":"max-snippet:-1","max-image-preview":"max-image-preview:large","max-video-preview":"max-video-preview:-1"},"canonical":"https:\/\/profesionalagro.com\/noticias\/el-grupo-an-reconocido-como-entidad-asociativa-prioritaria.html","og_locale":"es_ES","og_type":"article","og_title":"El Grupo AN reconocido como Entidad Asociativa Prioritaria","og_description":"La cooperativa AN ha quedado inscrita en el Registro Nacional de Entidades Asociativas Prioritarias (EAPs) con el n\u00famero EAP 003. La Ley y Real Decreto que regulan el reconocimiento de EAP exigen la comercializaci\u00f3n del 100% del producto de los socios, estar en varias Autonom\u00edas y facturar m\u00e1s de 750 millones de euros, requisitos cuyo [&hellip;]","og_url":"https:\/\/profesionalagro.com\/noticias\/el-grupo-an-reconocido-como-entidad-asociativa-prioritaria.html","og_site_name":"Profesional AGRO | Agricultura y t\u00e9cnicas agrarias.","article_publisher":"https:\/\/www.facebook.com\/profesionalAGRO","article_published_time":"2016-03-14T15:39:34+00:00","article_modified_time":"2016-03-21T08:57:57+00:00","og_image":[{"url":"http:\/\/profesionalagro.com\/noticias\/imagenes\/2016\/03\/Grupo-AN-Logo-Fondo-Blanco.jpg"}],"author":"Profesional AGRO","twitter_card":"summary_large_image","twitter_creator":"@profesionalAGRO","twitter_site":"@profesionalAGRO","twitter_misc":{"Escrito por":"Profesional AGRO","Tiempo de lectura":"3 minutos"},"schema":{"@context":"https:\/\/schema.org","@graph":[{"@type":"Article","@id":"https:\/\/profesionalagro.com\/noticias\/el-grupo-an-reconocido-como-entidad-asociativa-prioritaria.html#article","isPartOf":{"@id":"https:\/\/profesionalagro.com\/noticias\/el-grupo-an-reconocido-como-entidad-asociativa-prioritaria.html"},"author":{"name":"Profesional AGRO","@id":"https:\/\/profesionalagro.com\/noticias\/#\/schema\/person\/9183b425c3ad273a7c5da345a1996844"},"headline":"El Grupo AN reconocido como Entidad Asociativa Prioritaria","datePublished":"2016-03-14T15:39:34+00:00","dateModified":"2016-03-21T08:57:57+00:00","mainEntityOfPage":{"@id":"https:\/\/profesionalagro.com\/noticias\/el-grupo-an-reconocido-como-entidad-asociativa-prioritaria.html"},"wordCount":691,"publisher":{"@id":"https:\/\/profesionalagro.com\/noticias\/#organization"},"image":{"@id":"https:\/\/profesionalagro.com\/noticias\/el-grupo-an-reconocido-como-entidad-asociativa-prioritaria.html#primaryimage"},"thumbnailUrl":"http:\/\/profesionalagro.com\/noticias\/imagenes\/2016\/03\/Grupo-AN-Logo-Fondo-Blanco.jpg","keywords":["Entidad Asociativa Prioritaria","GRUPO AN"],"articleSection":["Empresa","Empresas3a","Portada","Portada1"],"inLanguage":"es"},{"@type":"WebPage","@id":"https:\/\/profesionalagro.com\/noticias\/el-grupo-an-reconocido-como-entidad-asociativa-prioritaria.html","url":"https:\/\/profesionalagro.com\/noticias\/el-grupo-an-reconocido-como-entidad-asociativa-prioritaria.html","name":"El Grupo AN reconocido como Entidad Asociativa Prioritaria","isPartOf":{"@id":"https:\/\/profesionalagro.com\/noticias\/#website"},"primaryImageOfPage":{"@id":"https:\/\/profesionalagro.com\/noticias\/el-grupo-an-reconocido-como-entidad-asociativa-prioritaria.html#primaryimage"},"image":{"@id":"https:\/\/profesionalagro.com\/noticias\/el-grupo-an-reconocido-como-entidad-asociativa-prioritaria.html#primaryimage"},"thumbnailUrl":"http:\/\/profesionalagro.com\/noticias\/imagenes\/2016\/03\/Grupo-AN-Logo-Fondo-Blanco.jpg","datePublished":"2016-03-14T15:39:34+00:00","dateModified":"2016-03-21T08:57:57+00:00","breadcrumb":{"@id":"https:\/\/profesionalagro.com\/noticias\/el-grupo-an-reconocido-como-entidad-asociativa-prioritaria.html#breadcrumb"},"inLanguage":"es","potentialAction":[{"@type":"ReadAction","target":["https:\/\/profesionalagro.com\/noticias\/el-grupo-an-reconocido-como-entidad-asociativa-prioritaria.html"]}]},{"@type":"ImageObject","inLanguage":"es","@id":"https:\/\/profesionalagro.com\/noticias\/el-grupo-an-reconocido-como-entidad-asociativa-prioritaria.html#primaryimage","url":"https:\/\/profesionalagro.com\/noticias\/imagenes\/2016\/03\/Grupo-AN-Logo-Fondo-Blanco.jpg","contentUrl":"https:\/\/profesionalagro.com\/noticias\/imagenes\/2016\/03\/Grupo-AN-Logo-Fondo-Blanco.jpg","width":300,"height":214},{"@type":"BreadcrumbList","@id":"https:\/\/profesionalagro.com\/noticias\/el-grupo-an-reconocido-como-entidad-asociativa-prioritaria.html#breadcrumb","itemListElement":[{"@type":"ListItem","position":1,"name":"Portada","item":"https:\/\/profesionalagro.com\/noticias"},{"@type":"ListItem","position":2,"name":"El Grupo AN reconocido como Entidad Asociativa Prioritaria"}]},{"@type":"WebSite","@id":"https:\/\/profesionalagro.com\/noticias\/#website","url":"https:\/\/profesionalagro.com\/noticias\/","name":"Profesional AGRO | Agricultura y t\u00e9cnicas agrarias.","description":"Profesional AGRO, toda la actualidad del sector de la agricultura y t\u00e9cnicas agrarias. Tractores, Cosechadoras, Sembradoras, aperos, remolques...","publisher":{"@id":"https:\/\/profesionalagro.com\/noticias\/#organization"},"potentialAction":[{"@type":"SearchAction","target":{"@type":"EntryPoint","urlTemplate":"https:\/\/profesionalagro.com\/noticias\/?s={search_term_string}"},"query-input":{"@type":"PropertyValueSpecification","valueRequired":true,"valueName":"search_term_string"}}],"inLanguage":"es"},{"@type":"Organization","@id":"https:\/\/profesionalagro.com\/noticias\/#organization","name":"Profesional AGRO","url":"https:\/\/profesionalagro.com\/noticias\/","logo":{"@type":"ImageObject","inLanguage":"es","@id":"https:\/\/profesionalagro.com\/noticias\/#\/schema\/logo\/image\/","url":"https:\/\/profesionalagro.com\/noticias\/imagenes\/2019\/02\/AGRO-LOGO.png","contentUrl":"https:\/\/profesionalagro.com\/noticias\/imagenes\/2019\/02\/AGRO-LOGO.png","width":500,"height":307,"caption":"Profesional AGRO"},"image":{"@id":"https:\/\/profesionalagro.com\/noticias\/#\/schema\/logo\/image\/"},"sameAs":["https:\/\/www.facebook.com\/profesionalAGRO","https:\/\/x.com\/profesionalAGRO"]},{"@type":"Person","@id":"https:\/\/profesionalagro.com\/noticias\/#\/schema\/person\/9183b425c3ad273a7c5da345a1996844","name":"Profesional AGRO","image":{"@type":"ImageObject","inLanguage":"es","@id":"https:\/\/profesionalagro.com\/noticias\/#\/schema\/person\/image\/","url":"https:\/\/secure.gravatar.com\/avatar\/00466f62ddcf00e3a3f2975953fb4a19?s=96&d=mm&r=g","contentUrl":"https:\/\/secure.gravatar.com\/avatar\/00466f62ddcf00e3a3f2975953fb4a19?s=96&d=mm&r=g","caption":"Profesional AGRO"}}]}},"_links":{"self":[{"href":"https:\/\/profesionalagro.com\/noticias\/wp-json\/wp\/v2\/posts\/20701"}],"collection":[{"href":"https:\/\/profesionalagro.com\/noticias\/wp-json\/wp\/v2\/posts"}],"about":[{"href":"https:\/\/profesionalagro.com\/noticias\/wp-json\/wp\/v2\/types\/post"}],"author":[{"embeddable":true,"href":"https:\/\/profesionalagro.com\/noticias\/wp-json\/wp\/v2\/users\/10"}],"replies":[{"embeddable":true,"href":"https:\/\/profesionalagro.com\/noticias\/wp-json\/wp\/v2\/comments?post=20701"}],"version-history":[{"count":1,"href":"https:\/\/profesionalagro.com\/noticias\/wp-json\/wp\/v2\/posts\/20701\/revisions"}],"predecessor-version":[{"id":20703,"href":"https:\/\/profesionalagro.com\/noticias\/wp-json\/wp\/v2\/posts\/20701\/revisions\/20703"}],"wp:attachment":[{"href":"https:\/\/profesionalagro.com\/noticias\/wp-json\/wp\/v2\/media?parent=20701"}],"wp:term":[{"taxonomy":"category","embeddable":true,"href":"https:\/\/profesionalagro.com\/noticias\/wp-json\/wp\/v2\/categories?post=20701"},{"taxonomy":"post_tag","embeddable":true,"href":"https:\/\/profesionalagro.com\/noticias\/wp-json\/wp\/v2\/tags?post=20701"}],"curies":[{"name":"wp","href":"https:\/\/api.w.org\/{rel}","templated":true}]}}